{"id":17099,"date":"2026-04-27T08:00:00","date_gmt":"2026-04-27T06:00:00","guid":{"rendered":"https:\/\/holistic.news\/en\/?p=17099"},"modified":"2026-04-24T11:09:26","modified_gmt":"2026-04-24T09:09:26","slug":"future-of-james-bond-who-should-007-become","status":"publish","type":"post","link":"https:\/\/holistic.news\/en\/future-of-james-bond-who-should-007-become\/","title":{"rendered":"The Future of James Bond in a Fractured World: Does He Still Matter?"},"content":{"rendered":"\n<h2 class=\"wp-block-heading\" id=\"h-the-future-of-james-bond-a-new-spy-for-a-new-era\">The Future of James Bond: A New Spy for a New Era<\/h2>\n\n\n\n<p>Producers of the next instalment continue to delay not only the film itself, but even the<strong> announcement of the new actor<\/strong>. The hesitation is hardly surprising. It has become increasingly difficult to define what this iconic figure represents today. And yet Bond has always been whatever audiences needed him to be.<\/p>\n\n\n\n<p>For now, fans must settle for a video game scheduled for release in late May.<\/p>\n\n\n\n<figure class=\"wp-block-embed is-type-rich is-provider-twitter wp-block-embed-twitter\"><div class=\"wp-block-embed__wrapper\">\n<blockquote class=\"twitter-tweet\" data-width=\"550\" data-dnt=\"true\"><p lang=\"en\" dir=\"ltr\">Despite rumours, no actor has yet been cast as James Bond in Denis Villeneuve\u2019s upcoming film.<br><br>(Source: <a href=\"https:\/\/twitter.com\/MattBelloni?ref_src=twsrc%5Etfw\">@MattBelloni<\/a>) <a href=\"https:\/\/t.co\/9tNEvei61B\">pic.twitter.com\/9tNEvei61B<\/a><\/p>&mdash; Film Updates (@FilmUpdates) <a href=\"https:\/\/twitter.com\/FilmUpdates\/status\/2026462725967053025?ref_src=twsrc%5Etfw\">February 25, 2026<\/a><\/blockquote><script async src=\"https:\/\/platform.twitter.com\/widgets.js\" charset=\"utf-8\"><\/script>\n<\/div><\/figure>\n\n\n\n<p>Films about James Bond occupy a place in cinema that resembles something like sacred texts. <strong>Denis Villeneuve<\/strong>, who is set to direct the new film, said it plainly:<\/p>\n\n\n\n<blockquote class=\"wp-block-quote is-layout-flow wp-block-quote-is-layout-flow\">\n<p>I grew up watching James Bond films with my father, starting with <em>Dr. No<\/em> and Sean Connery. I\u2019m a die-hard Bond fan. For me, it\u2019s sacred territory. I intend to honour the tradition and open the path for many new missions.<\/p>\n<\/blockquote>\n\n\n\n<p>Directors such as <strong>Christopher Nolan, Quentin Tarantino, and Steven Spielberg<\/strong> have all acknowledged the influence of Bond on their work. Each, at some point, expressed interest in directing a Bond film. Their own films bear clear traces of that legacy.<\/p>\n\n\n\n<h2 class=\"wp-block-heading\" id=\"h-bond-as-a-mirror-of-his-time\">Bond as a Mirror of His Time<\/h2>\n\n\n\n<p>James Bond became more than entertainment. Over more than 60 years \u2014 from 1962 to 2021 \u2014 he reflected his era: <strong><a href=\"https:\/\/holistic.news\/en\/masculinity-crisis-why-anger-finds-a-home-online\/\">masculine<\/a> fantasies<\/strong>, technological change, and, to a lesser extent, the political climate of the time.<\/p>\n\n\n\n<p>After the fall of communism, audiences waited 6 years for a new instalment with Pierce Brosnan in <em>GoldenEye<\/em>. It might seem that Bond struggled after the Cold War because he lost his enemy. But even during the Cold War, Bond was not particularly anti-communist. He defended a world order dominated by the West, yet often cooperated with Soviet agents \u2014 especially their female representatives \u2014 to <strong>confront shared threats<\/strong>.<\/p>\n\n\n\n<p>In Ian Fleming\u2019s original novels, however, the tone was different. Bond faced the organisation SMERSH, and <strong>the books even referenced real figures such as General Ivan Serov, head of the NKVD, who played a grim role in postwar Eastern Europe<\/strong>. In later stories, Bond \u2014 and perhaps Fleming himself \u2014 showed less enthusiasm for American Cold War rhetoric, even expressing <strong>sympathy toward figures like Fidel Castro<\/strong>.<\/p>\n\n\n\n<h2 class=\"wp-block-heading\" id=\"h-the-changing-political-face-of-007\">The Changing Political Face of 007<\/h2>\n\n\n\n<p>Bond\u2019s political identity has always mirrored Britain\u2019s foreign policy and, at times, its internal mood. In the era of Brexit, he turned more toward \u201cinternal enemies\u201d within MI6 than toward external threats to a <strong>fading empire<\/strong>.<\/p>\n\n\n\n<p>He also changed socially. Once a figure shaped by a clearly patriarchal model, Bond evolved toward greater <a href=\"https:\/\/holistic.news\/en\/mens-emotional-sensitivity-it-starts-in-infancy\/\">emotional engagement<\/a>. Women stopped functioning as objects or accessories and increasingly became equal partners, both in action and in personal relationships.<\/p>\n\n\n\n<p>In Daniel Craig\u2019s portrayal, Bond falls in love \u2014 and even cries. Before Craig, only George Lazenby showed such vulnerability, in <em><strong>On Her Majesty\u2019s Secret Service<\/strong><\/em> (1969), after his wife was killed by Blofeld.<\/p>\n\n\n\n<h3 class=\"wp-block-heading\" id=\"h-the-death-of-bond-and-a-crisis-of-belief\">The Death of Bond and a Crisis of Belief<\/h3>\n\n\n\n<p>In the most recent film, Bond dies. The decision feels symbolic, as if a government agent defending civilisation no longer fits the moment \u2014 or as if belief in that civilisation has weakened.<\/p>\n\n\n\n<p>At one point, Bond\u2019s superior describes the purpose of his work as faith in\u2026 \u201cthis,\u201d gesturing toward office buildings and caf\u00e9s with a cynical smile. Not a<strong> vision of humanity or culture<\/strong>, but the continuation of a system that now faces both external pressure and internal doubt.<\/p>\n\n\n\n<h2 class=\"wp-block-heading\" id=\"h-bond-and-identity-in-the-age-of-change\">Bond and Identity in the Age of Change<\/h2>\n\n\n\n<p>The question of Bond\u2019s identity has become unavoidable in an era shaped by debates over identity, migration, and shifting cultural norms.<\/p>\n\n\n\n<p><strong>The satirical series <em>Bait<\/em><\/strong> captured this tension perfectly. It tells the story of a British man of Pakistani origin who auditions for the role of 007 \u2014 echoing real media speculation that the next Bond could be Black or even no longer male.<\/p>\n\n\n\n<figure class=\"wp-block-embed is-type-video is-provider-youtube wp-block-embed-youtube wp-embed-aspect-16-9 wp-has-aspect-ratio\"><div class=\"wp-block-embed__wrapper\">\n<iframe loading=\"lazy\" title=\"Bait - Official Trailer | Prime Video\" width=\"640\" height=\"360\" src=\"https:\/\/www.youtube.com\/embed\/FpAhwL91HyA?feature=oembed\" frameborder=\"0\" allow=\"accelerometer; autoplay; clipboard-write; encrypted-media; gyroscope; picture-in-picture; web-share\" referrerpolicy=\"strict-origin-when-cross-origin\" allowfullscreen><\/iframe>\n<\/div><\/figure>\n\n\n\n<p>The protagonist wants to become an icon of white masculinity, yet he must confront his own identity. He faces resistance from mainstream expectations, from his own community, and from the broader question of what it means to be British today.<\/p>\n\n\n\n<p>He succeeds only when he accepts who he is. He no longer tries to say, \u201cMy name is Bond. James Bond.\u201d <strong>He is both Pakistani and British<\/strong>. That, the series suggests,<strong> is what Britain has become<\/strong>.<\/p>\n\n\n\n<h2 class=\"wp-block-heading\" id=\"h-bond-as-a-bond\">Bond as a Bond<\/h2>\n\n\n\n<p>The name itself carries meaning. A bond is a connection, a tie. As early as the 1960s, Umberto Eco argued that the series rests on simple oppositions: Bond versus villain, the free world versus the enemy, duty versus pleasure. This rigid, repetitive structure helped bind audiences to an imagined Western community.<\/p>\n\n\n\n<p><strong>Bond offered reassurance<\/strong>. Even after the loss of empire, Britain retained global cultural influence. <strong>Film premieres took place in the presence of the Queen<\/strong>. Bond reinforced a shared identity.<\/p>\n\n\n\n<p>For Kingsley Amis, in <em>The James Bond Dossier<\/em>, Bond was ultimately a civil servant \u2014 a man who works for his country, embodies middle-class values, and defends a stable way of life. But that vision belongs to another era.<\/p>\n\n\n\n<figure class=\"wp-block-embed is-type-video is-provider-youtube wp-block-embed-youtube wp-embed-aspect-16-9 wp-has-aspect-ratio\"><div class=\"wp-block-embed__wrapper\">\n<iframe loading=\"lazy\" title=\"Ch\u0142opcy rodz\u0105 si\u0119 czulsi. Co na to nauka?\" width=\"640\" height=\"360\" src=\"https:\/\/www.youtube.com\/embed\/K_FMIdW-fEM?feature=oembed\" frameborder=\"0\" allow=\"accelerometer; autoplay; clipboard-write; encrypted-media; gyroscope; picture-in-picture; web-share\" referrerpolicy=\"strict-origin-when-cross-origin\" allowfullscreen><\/iframe>\n<\/div><\/figure>\n\n\n\n<h2 class=\"wp-block-heading\" id=\"h-the-future-of-james-bond-in-the-21st-century\">The Future of James Bond in the 21st Century<\/h2>\n\n\n\n<p>So what will Bond become in the second quarter of the 21st century? A figure in a world of deglobalisation, geopolitical tension, and cultural transformation in the West?<\/p>\n\n\n\n<p>Will he simply entertain? Or will he once again tell us who we are?<\/p>\n\n\n\n<p>This time, the answer will come from a French director \u2014 and that, too, says something about the future of James Bond.<\/p>\n\n\n\n<hr class=\"wp-block-separator has-alpha-channel-opacity\"\/>\n\n\n\n<p><em>Read this article in Polish:<\/em> <a href=\"https:\/\/holistic.news\/przyszlosc-jamesa-bonda-filmowa-ikona-w-kryzysie-tozsamosci\/\">Umar\u0142 Bond, niech \u017cyje Bond. Ale jaki?<\/a><\/p>\n","protected":false},"excerpt":{"rendered":"<p>James Bond has always adapted to his times. But today, in an era of identity debates and a broader crisis of Western cohesion, even a fictional super-agent faces uncertainty. The future of James Bond raises a deeper question: do we still need him at all?<\/p>\n","protected":false},"author":282,"featured_media":17100,"comment_status":"closed","ping_status":"open","sticky":false,"template":"","format":"standard","meta":{"_acf_changed":false,"footnotes":""},"categories":[1543],"tags":[1002,2583,730,861,609],"class_list":["post-17099","post","type-post","status-publish","format-standard","has-post-thumbnail","hentry","category-culture","tag-cinema","tag-james-bond","tag-masculinity","tag-pop-culture","tag-society"],"acf":[],"yoast_head":"<!-- This site is optimized with the Yoast SEO Premium plugin v27.4 (Yoast SEO v27.4) - https:\/\/yoast.com\/product\/yoast-seo-premium-wordpress\/ -->\n<title>Future of James Bond. Who Should 007 Become?<\/title>\n<meta name=\"description\" content=\"Future of James Bond feels uncertain as 007 faces a changing world, shifting identity, and a fading sense of Western purpose.\" \/>\n<meta name=\"robots\" content=\"index, follow, max-snippet:-1, max-image-preview:large, max-video-preview:-1\" \/>\n<link rel=\"canonical\" href=\"https:\/\/holistic.news\/en\/future-of-james-bond-who-should-007-become\/\" \/>\n<meta property=\"og:locale\" content=\"en_GB\" \/>\n<meta property=\"og:type\" content=\"article\" \/>\n<meta property=\"og:title\" content=\"Future of James Bond. Who Should 007 Become?\" \/>\n<meta property=\"og:description\" content=\"Future of James Bond feels uncertain as 007 faces a changing world, shifting identity, and a fading sense of Western purpose.\" \/>\n<meta property=\"og:url\" content=\"https:\/\/holistic.news\/en\/future-of-james-bond-who-should-007-become\/\" \/>\n<meta property=\"og:site_name\" content=\"Holistic News\" \/>\n<meta property=\"article:publisher\" content=\"https:\/\/www.facebook.com\/portalHolisticNews\/\" \/>\n<meta property=\"article:published_time\" content=\"2026-04-27T06:00:00+00:00\" \/>\n<meta property=\"og:image\" content=\"https:\/\/holistic.news\/en\/wp-content\/uploads\/2026\/04\/Future_of_James-_Bond.jpg\" \/>\n\t<meta property=\"og:image:width\" content=\"1200\" \/>\n\t<meta property=\"og:image:height\" content=\"675\" \/>\n\t<meta property=\"og:image:type\" content=\"image\/jpeg\" \/>\n<meta name=\"author\" content=\"Rados\u0142aw R\u00f3\u017cycki\" \/>\n<meta name=\"twitter:card\" content=\"summary_large_image\" \/>\n<meta name=\"twitter:creator\" content=\"@news_holistic\" \/>\n<meta name=\"twitter:site\" content=\"@news_holistic\" \/>\n<meta name=\"twitter:label1\" content=\"Written by\" \/>\n\t<meta name=\"twitter:data1\" content=\"Rados\u0142aw R\u00f3\u017cycki\" \/>\n\t<meta name=\"twitter:label2\" content=\"Estimated reading time\" \/>\n\t<meta name=\"twitter:data2\" content=\"5 minutes\" \/>\n<script type=\"application\/ld+json\" class=\"yoast-schema-graph\">{\"@context\":\"https:\\\/\\\/schema.org\",\"@graph\":[{\"@type\":\"Article\",\"@id\":\"https:\\\/\\\/holistic.news\\\/en\\\/future-of-james-bond-who-should-007-become\\\/#article\",\"isPartOf\":{\"@id\":\"https:\\\/\\\/holistic.news\\\/en\\\/future-of-james-bond-who-should-007-become\\\/\"},\"author\":{\"name\":\"Rados\u0142aw R\u00f3\u017cycki\",\"@id\":\"https:\\\/\\\/holistic.news\\\/en\\\/#\\\/schema\\\/person\\\/8601e825ebcc126e62088d0d76cc5ff1\"},\"headline\":\"The Future of James Bond in a Fractured World: Does He Still Matter?\",\"datePublished\":\"2026-04-27T06:00:00+00:00\",\"mainEntityOfPage\":{\"@id\":\"https:\\\/\\\/holistic.news\\\/en\\\/future-of-james-bond-who-should-007-become\\\/\"},\"wordCount\":950,\"publisher\":{\"@id\":\"https:\\\/\\\/holistic.news\\\/en\\\/#organization\"},\"image\":{\"@id\":\"https:\\\/\\\/holistic.news\\\/en\\\/future-of-james-bond-who-should-007-become\\\/#primaryimage\"},\"thumbnailUrl\":\"https:\\\/\\\/holistic.news\\\/en\\\/wp-content\\\/uploads\\\/2026\\\/04\\\/Future_of_James-_Bond.jpg\",\"keywords\":[\"cinema\",\"James Bond\",\"masculinity\",\"pop culture\",\"society\"],\"articleSection\":[\"Culture\"],\"inLanguage\":\"en-GB\"},{\"@type\":\"WebPage\",\"@id\":\"https:\\\/\\\/holistic.news\\\/en\\\/future-of-james-bond-who-should-007-become\\\/\",\"url\":\"https:\\\/\\\/holistic.news\\\/en\\\/future-of-james-bond-who-should-007-become\\\/\",\"name\":\"Future of James Bond. Who Should 007 Become?\",\"isPartOf\":{\"@id\":\"https:\\\/\\\/holistic.news\\\/en\\\/#website\"},\"primaryImageOfPage\":{\"@id\":\"https:\\\/\\\/holistic.news\\\/en\\\/future-of-james-bond-who-should-007-become\\\/#primaryimage\"},\"image\":{\"@id\":\"https:\\\/\\\/holistic.news\\\/en\\\/future-of-james-bond-who-should-007-become\\\/#primaryimage\"},\"thumbnailUrl\":\"https:\\\/\\\/holistic.news\\\/en\\\/wp-content\\\/uploads\\\/2026\\\/04\\\/Future_of_James-_Bond.jpg\",\"datePublished\":\"2026-04-27T06:00:00+00:00\",\"description\":\"Future of James Bond feels uncertain as 007 faces a changing world, shifting identity, and a fading sense of Western purpose.\",\"inLanguage\":\"en-GB\",\"potentialAction\":[{\"@type\":\"ReadAction\",\"target\":[\"https:\\\/\\\/holistic.news\\\/en\\\/future-of-james-bond-who-should-007-become\\\/\"]}]},{\"@type\":\"ImageObject\",\"inLanguage\":\"en-GB\",\"@id\":\"https:\\\/\\\/holistic.news\\\/en\\\/future-of-james-bond-who-should-007-become\\\/#primaryimage\",\"url\":\"https:\\\/\\\/holistic.news\\\/en\\\/wp-content\\\/uploads\\\/2026\\\/04\\\/Future_of_James-_Bond.jpg\",\"contentUrl\":\"https:\\\/\\\/holistic.news\\\/en\\\/wp-content\\\/uploads\\\/2026\\\/04\\\/Future_of_James-_Bond.jpg\",\"width\":1200,\"height\":675,\"caption\":\"Oleksandr Chepys\\\/Pexels\"},{\"@type\":\"WebSite\",\"@id\":\"https:\\\/\\\/holistic.news\\\/en\\\/#website\",\"url\":\"https:\\\/\\\/holistic.news\\\/en\\\/\",\"name\":\"Holistic News | in English\",\"description\":\"Seeking Truth and Goodness\",\"publisher\":{\"@id\":\"https:\\\/\\\/holistic.news\\\/en\\\/#organization\"},\"potentialAction\":[{\"@type\":\"SearchAction\",\"target\":{\"@type\":\"EntryPoint\",\"urlTemplate\":\"https:\\\/\\\/holistic.news\\\/en\\\/?s={search_term_string}\"},\"query-input\":{\"@type\":\"PropertyValueSpecification\",\"valueRequired\":true,\"valueName\":\"search_term_string\"}}],\"inLanguage\":\"en-GB\"},{\"@type\":\"Organization\",\"@id\":\"https:\\\/\\\/holistic.news\\\/en\\\/#organization\",\"name\":\"Holistic News\",\"url\":\"https:\\\/\\\/holistic.news\\\/en\\\/\",\"logo\":{\"@type\":\"ImageObject\",\"inLanguage\":\"en-GB\",\"@id\":\"https:\\\/\\\/holistic.news\\\/en\\\/#\\\/schema\\\/logo\\\/image\\\/\",\"url\":\"https:\\\/\\\/holistic.news\\\/en\\\/wp-content\\\/uploads\\\/2023\\\/09\\\/logo.png\",\"contentUrl\":\"https:\\\/\\\/holistic.news\\\/en\\\/wp-content\\\/uploads\\\/2023\\\/09\\\/logo.png\",\"width\":269,\"height\":57,\"caption\":\"Holistic News\"},\"image\":{\"@id\":\"https:\\\/\\\/holistic.news\\\/en\\\/#\\\/schema\\\/logo\\\/image\\\/\"},\"sameAs\":[\"https:\\\/\\\/www.facebook.com\\\/portalHolisticNews\\\/\",\"https:\\\/\\\/x.com\\\/news_holistic\",\"https:\\\/\\\/www.instagram.com\\\/holisticnews\\\/\"]},{\"@type\":\"Person\",\"@id\":\"https:\\\/\\\/holistic.news\\\/en\\\/#\\\/schema\\\/person\\\/8601e825ebcc126e62088d0d76cc5ff1\",\"name\":\"Rados\u0142aw R\u00f3\u017cycki\",\"image\":{\"@type\":\"ImageObject\",\"inLanguage\":\"en-GB\",\"@id\":\"https:\\\/\\\/secure.gravatar.com\\\/avatar\\\/05ed263344b05043897da09cfec91d489a1e9556379d86d977edff454f79e480?s=96&d=mm&r=g\",\"url\":\"https:\\\/\\\/secure.gravatar.com\\\/avatar\\\/05ed263344b05043897da09cfec91d489a1e9556379d86d977edff454f79e480?s=96&d=mm&r=g\",\"contentUrl\":\"https:\\\/\\\/secure.gravatar.com\\\/avatar\\\/05ed263344b05043897da09cfec91d489a1e9556379d86d977edff454f79e480?s=96&d=mm&r=g\",\"caption\":\"Rados\u0142aw R\u00f3\u017cycki\"},\"description\":\"A graduate of Journalism and Social Communication at the University of Warsaw (UW), specializing in culture, literature, and education. Professionally, they work with words: reading, writing, translating, and editing. Occasionally, they also speak publicly. Personally, they are a family man\\\/woman (head of the family). They have professional experience working in media, public administration, PR, and communication, where their focus included educational and cultural projects. In their free time, they enjoy good literature and loud music (strong sounds).\",\"url\":\"https:\\\/\\\/holistic.news\\\/en\\\/author\\\/radoslaw-rozycki\\\/\"}]}<\/script>\n<!-- \/ Yoast SEO Premium plugin. -->","yoast_head_json":{"title":"Future of James Bond. Who Should 007 Become?","description":"Future of James Bond feels uncertain as 007 faces a changing world, shifting identity, and a fading sense of Western purpose.","robots":{"index":"index","follow":"follow","max-snippet":"max-snippet:-1","max-image-preview":"max-image-preview:large","max-video-preview":"max-video-preview:-1"},"canonical":"https:\/\/holistic.news\/en\/future-of-james-bond-who-should-007-become\/","og_locale":"en_GB","og_type":"article","og_title":"Future of James Bond. Who Should 007 Become?","og_description":"Future of James Bond feels uncertain as 007 faces a changing world, shifting identity, and a fading sense of Western purpose.","og_url":"https:\/\/holistic.news\/en\/future-of-james-bond-who-should-007-become\/","og_site_name":"Holistic News","article_publisher":"https:\/\/www.facebook.com\/portalHolisticNews\/","article_published_time":"2026-04-27T06:00:00+00:00","og_image":[{"width":1200,"height":675,"url":"https:\/\/holistic.news\/en\/wp-content\/uploads\/2026\/04\/Future_of_James-_Bond.jpg","type":"image\/jpeg"}],"author":"Rados\u0142aw R\u00f3\u017cycki","twitter_card":"summary_large_image","twitter_creator":"@news_holistic","twitter_site":"@news_holistic","twitter_misc":{"Written by":"Rados\u0142aw R\u00f3\u017cycki","Estimated reading time":"5 minutes"},"schema":{"@context":"https:\/\/schema.org","@graph":[{"@type":"Article","@id":"https:\/\/holistic.news\/en\/future-of-james-bond-who-should-007-become\/#article","isPartOf":{"@id":"https:\/\/holistic.news\/en\/future-of-james-bond-who-should-007-become\/"},"author":{"name":"Rados\u0142aw R\u00f3\u017cycki","@id":"https:\/\/holistic.news\/en\/#\/schema\/person\/8601e825ebcc126e62088d0d76cc5ff1"},"headline":"The Future of James Bond in a Fractured World: Does He Still Matter?","datePublished":"2026-04-27T06:00:00+00:00","mainEntityOfPage":{"@id":"https:\/\/holistic.news\/en\/future-of-james-bond-who-should-007-become\/"},"wordCount":950,"publisher":{"@id":"https:\/\/holistic.news\/en\/#organization"},"image":{"@id":"https:\/\/holistic.news\/en\/future-of-james-bond-who-should-007-become\/#primaryimage"},"thumbnailUrl":"https:\/\/holistic.news\/en\/wp-content\/uploads\/2026\/04\/Future_of_James-_Bond.jpg","keywords":["cinema","James Bond","masculinity","pop culture","society"],"articleSection":["Culture"],"inLanguage":"en-GB"},{"@type":"WebPage","@id":"https:\/\/holistic.news\/en\/future-of-james-bond-who-should-007-become\/","url":"https:\/\/holistic.news\/en\/future-of-james-bond-who-should-007-become\/","name":"Future of James Bond. Who Should 007 Become?","isPartOf":{"@id":"https:\/\/holistic.news\/en\/#website"},"primaryImageOfPage":{"@id":"https:\/\/holistic.news\/en\/future-of-james-bond-who-should-007-become\/#primaryimage"},"image":{"@id":"https:\/\/holistic.news\/en\/future-of-james-bond-who-should-007-become\/#primaryimage"},"thumbnailUrl":"https:\/\/holistic.news\/en\/wp-content\/uploads\/2026\/04\/Future_of_James-_Bond.jpg","datePublished":"2026-04-27T06:00:00+00:00","description":"Future of James Bond feels uncertain as 007 faces a changing world, shifting identity, and a fading sense of Western purpose.","inLanguage":"en-GB","potentialAction":[{"@type":"ReadAction","target":["https:\/\/holistic.news\/en\/future-of-james-bond-who-should-007-become\/"]}]},{"@type":"ImageObject","inLanguage":"en-GB","@id":"https:\/\/holistic.news\/en\/future-of-james-bond-who-should-007-become\/#primaryimage","url":"https:\/\/holistic.news\/en\/wp-content\/uploads\/2026\/04\/Future_of_James-_Bond.jpg","contentUrl":"https:\/\/holistic.news\/en\/wp-content\/uploads\/2026\/04\/Future_of_James-_Bond.jpg","width":1200,"height":675,"caption":"Oleksandr Chepys\/Pexels"},{"@type":"WebSite","@id":"https:\/\/holistic.news\/en\/#website","url":"https:\/\/holistic.news\/en\/","name":"Holistic News | in English","description":"Seeking Truth and Goodness","publisher":{"@id":"https:\/\/holistic.news\/en\/#organization"},"potentialAction":[{"@type":"SearchAction","target":{"@type":"EntryPoint","urlTemplate":"https:\/\/holistic.news\/en\/?s={search_term_string}"},"query-input":{"@type":"PropertyValueSpecification","valueRequired":true,"valueName":"search_term_string"}}],"inLanguage":"en-GB"},{"@type":"Organization","@id":"https:\/\/holistic.news\/en\/#organization","name":"Holistic News","url":"https:\/\/holistic.news\/en\/","logo":{"@type":"ImageObject","inLanguage":"en-GB","@id":"https:\/\/holistic.news\/en\/#\/schema\/logo\/image\/","url":"https:\/\/holistic.news\/en\/wp-content\/uploads\/2023\/09\/logo.png","contentUrl":"https:\/\/holistic.news\/en\/wp-content\/uploads\/2023\/09\/logo.png","width":269,"height":57,"caption":"Holistic News"},"image":{"@id":"https:\/\/holistic.news\/en\/#\/schema\/logo\/image\/"},"sameAs":["https:\/\/www.facebook.com\/portalHolisticNews\/","https:\/\/x.com\/news_holistic","https:\/\/www.instagram.com\/holisticnews\/"]},{"@type":"Person","@id":"https:\/\/holistic.news\/en\/#\/schema\/person\/8601e825ebcc126e62088d0d76cc5ff1","name":"Rados\u0142aw R\u00f3\u017cycki","image":{"@type":"ImageObject","inLanguage":"en-GB","@id":"https:\/\/secure.gravatar.com\/avatar\/05ed263344b05043897da09cfec91d489a1e9556379d86d977edff454f79e480?s=96&d=mm&r=g","url":"https:\/\/secure.gravatar.com\/avatar\/05ed263344b05043897da09cfec91d489a1e9556379d86d977edff454f79e480?s=96&d=mm&r=g","contentUrl":"https:\/\/secure.gravatar.com\/avatar\/05ed263344b05043897da09cfec91d489a1e9556379d86d977edff454f79e480?s=96&d=mm&r=g","caption":"Rados\u0142aw R\u00f3\u017cycki"},"description":"A graduate of Journalism and Social Communication at the University of Warsaw (UW), specializing in culture, literature, and education. Professionally, they work with words: reading, writing, translating, and editing. Occasionally, they also speak publicly. Personally, they are a family man\/woman (head of the family). They have professional experience working in media, public administration, PR, and communication, where their focus included educational and cultural projects. In their free time, they enjoy good literature and loud music (strong sounds).","url":"https:\/\/holistic.news\/en\/author\/radoslaw-rozycki\/"}]}},"_links":{"self":[{"href":"https:\/\/holistic.news\/en\/wp-json\/wp\/v2\/posts\/17099","targetHints":{"allow":["GET"]}}],"collection":[{"href":"https:\/\/holistic.news\/en\/wp-json\/wp\/v2\/posts"}],"about":[{"href":"https:\/\/holistic.news\/en\/wp-json\/wp\/v2\/types\/post"}],"author":[{"embeddable":true,"href":"https:\/\/holistic.news\/en\/wp-json\/wp\/v2\/users\/282"}],"replies":[{"embeddable":true,"href":"https:\/\/holistic.news\/en\/wp-json\/wp\/v2\/comments?post=17099"}],"version-history":[{"count":1,"href":"https:\/\/holistic.news\/en\/wp-json\/wp\/v2\/posts\/17099\/revisions"}],"predecessor-version":[{"id":17101,"href":"https:\/\/holistic.news\/en\/wp-json\/wp\/v2\/posts\/17099\/revisions\/17101"}],"wp:featuredmedia":[{"embeddable":true,"href":"https:\/\/holistic.news\/en\/wp-json\/wp\/v2\/media\/17100"}],"wp:attachment":[{"href":"https:\/\/holistic.news\/en\/wp-json\/wp\/v2\/media?parent=17099"}],"wp:term":[{"taxonomy":"category","embeddable":true,"href":"https:\/\/holistic.news\/en\/wp-json\/wp\/v2\/categories?post=17099"},{"taxonomy":"post_tag","embeddable":true,"href":"https:\/\/holistic.news\/en\/wp-json\/wp\/v2\/tags?post=17099"}],"curies":[{"name":"wp","href":"https:\/\/api.w.org\/{rel}","templated":true}]}}